{"id":3370,"date":"2018-05-11T11:16:29","date_gmt":"2018-05-11T09:16:29","guid":{"rendered":"http:\/\/unterschafen.de\/de\/?p=3370"},"modified":"2018-05-17T14:03:35","modified_gmt":"2018-05-17T12:03:35","slug":"neues-release-der-berliner-band-gewalt","status":"publish","type":"post","link":"http:\/\/unterschafen.de\/de\/neues-release-der-berliner-band-gewalt\/","title":{"rendered":"Neues Release der Berliner Band GEWALT!"},"content":{"rendered":"<p>Der Mann, der hinter der Berliner Band Gewalt steht, hat bereits eine lange Karriere im Rock-Gesch\u00e4ft hinter sich. Patrick Wagner gr\u00fcndete in den 1990er-Jahren das Label Kitty-Yo, das unter anderem Peaches und Chilly Gonzales hierzulande bekannt machte und er war der Kopf der Band Surrogat. Seit 2015 moderiert er die sogenannten \u201eFuck-Up-Nights\u201c, in denen Start-Up-Unternehmer von ihrem Scheitern erz\u00e4hlen. Damit kennt Wagner sich bestens aus.<\/p>\n<p>Der Herr ist dennoch nicht allein, sondern Part eines Kollektivs, das au\u00dfer ihm noch aus den beiden Musikerinnen Gitarristin Helen Henfling und Bassistin Yelka Wehmeier und einem Drumcomputer namens DM1 besteht. Das Ergebnis ist brutal wie depressiv, zerst\u00f6rerisch wie selbstentwertend; Proto-Noise mit (wohlgemerkt) subtiler Elektro-Punk-Affinit\u00e4t. Ein Gewitter, Ein Knall, Eine letzte Offenbarung!<\/p>\n<p>Zw\u00f6lf Jahre lang hat Wagner keine Gitarre mehr in der Hand gehabt, jetzt ist er mit radikalen und lauten Liedern zur\u00fcck auf der B\u00fchne. Ob Gewalt einmal ein Album herausbringen wird, steht noch in den Sternen, Wagner begn\u00fcgt sich zurzeit damit, Singles auf unterschiedlichen Labels zu ver\u00f6ffentlichen. <\/p>\n<p>Die neueste Ver\u00f6ffentlichung erscheint im Sommer auf dem passionierten Label Unter Schafen Records und enth\u00e4lt u.a. Remixe von Drangsal, der im Mai  mit seinem Album auf Platz 12 chartete, sowie von der K\u00f6lner Elektro Institution Mathias Schaffh\u00e4user. Gemixt wurde das Album von OLAF OPAL (The Notwist, Slut, Naked Lunch)<\/p>\n<p>FESTIVALS:<\/p>\n<p>25.05  Up to noise! Fest &#8211; Berlin<br \/>\n17.06. Kunsthalle Neuk\u00f6lln &#8211; Berlin<br \/>\n01.07. Fusion festifal &#8211; L\u00e4rz<br \/>\n06.07. Mach festival &#8211; Halle<br \/>\n14.07. P8 Sommerfest 3 &#8211; Karlsruhe<br \/>\n27.07. AgratAmAgatha &#8211; Agatha See Riedenburg<br \/>\n28.07. Labore &#8211; Chemnitz<br \/>\n29.07. Off The Radar Festival &#8211; Negenharrie<br \/>\n17.08. Artlake Festival  &#8211; Lichterfeld<br \/>\n25.08. Mannheimer Br\u00fcckenaward &#8211; Mannheim<br \/>\n01.09. C\/O POP Festival &#8211; K\u00f6ln<br \/>\n19.09. Reeperbahn Festival &#8211; Hamburg<br \/>\n20.09. Conne Island &#8211; Leipzig<br \/>\n20.10. Kampnagel &#8211; Hamburg<\/p>\n<p>Ein lesenswertes Portrait zu Wagner findet ihr hier:<br \/>\n<a href=\"https:\/\/www.tagesspiegel.de\/berlin\/absturz-und-wiederaufstieg-des-patrick-wagner-berlin-liebt-dich-berlin-liebt-dich-nicht\/21023640.html\">Tagesspiegel<\/a><\/p>\n<p>PRESSE:<\/p>\n<p><a href=\"http:\/\/Die Zeit\" rel=\"noopener\" target=\"_blank\"><a href=\"https:\/\/www.zeit.de\/kultur\/musik\/2016-03\/gewalt-band-patrick-wagner-single\" rel=\"noopener\" target=\"_blank\">Zeit<\/a><\/a><br \/>\n<a href=\"http:\/\/www.spiegel.de\/kultur\/musik\/rockband-gewalt-um-saenger-patrick-wagner-sorgfaeltig-verkrampft-a-1092057.html\" rel=\"noopener\" target=\"_blank\">Spiegel<\/a><br \/>\n<a href=\"https:\/\/www.rollingstone.de\/patrick-wagners-band-gewalt-drei-7-inch-singles-und-eine-tour-im-maerz-1206413\/\" rel=\"noopener\" target=\"_blank\">Rolling Stone<\/a><br \/>\n<a href=\"https:\/\/spex.de\/das-ist-boese-neue-7-von-gewalt-im-vorabstream\/\" rel=\"noopener\" target=\"_blank\">Spex<\/a><br \/>\n<a href=\"http:\/\/www.taz.de\/!5391897\/\" rel=\"noopener\" target=\"_blank\">TAZ<\/a><\/p>\n","protected":false},"excerpt":{"rendered":"<p>Der Mann, der hinter der Berliner Band Gewalt steht, hat bereits eine lange Karriere im Rock-Gesch\u00e4ft hinter sich. Patrick Wagner gr\u00fcndete in den 1990er-Jahren das Label Kitty-Yo, das unter anderem Peaches und Chilly Gonzales hierzulande bekannt machte und er war der Kopf der Band Surrogat. Seit 2015 moderiert er die [&#8230;]<\/p>\n","protected":false},"author":6,"featured_media":3371,"comment_status":"open","ping_status":"open","sticky":false,"template":"","format":"standard","meta":[],"categories":[1],"tags":[],"_links":{"self":[{"href":"http:\/\/unterschafen.de\/de\/wp-json\/wp\/v2\/posts\/3370"}],"collection":[{"href":"http:\/\/unterschafen.de\/de\/wp-json\/wp\/v2\/posts"}],"about":[{"href":"http:\/\/unterschafen.de\/de\/wp-json\/wp\/v2\/types\/post"}],"author":[{"embeddable":true,"href":"http:\/\/unterschafen.de\/de\/wp-json\/wp\/v2\/users\/6"}],"replies":[{"embeddable":true,"href":"http:\/\/unterschafen.de\/de\/wp-json\/wp\/v2\/comments?post=3370"}],"version-history":[{"count":8,"href":"http:\/\/unterschafen.de\/de\/wp-json\/wp\/v2\/posts\/3370\/revisions"}],"predecessor-version":[{"id":3393,"href":"http:\/\/unterschafen.de\/de\/wp-json\/wp\/v2\/posts\/3370\/revisions\/3393"}],"wp:featuredmedia":[{"embeddable":true,"href":"http:\/\/unterschafen.de\/de\/wp-json\/wp\/v2\/media\/3371"}],"wp:attachment":[{"href":"http:\/\/unterschafen.de\/de\/wp-json\/wp\/v2\/media?parent=3370"}],"wp:term":[{"taxonomy":"category","embeddable":true,"href":"http:\/\/unterschafen.de\/de\/wp-json\/wp\/v2\/categories?post=3370"},{"taxonomy":"post_tag","embeddable":true,"href":"http:\/\/unterschafen.de\/de\/wp-json\/wp\/v2\/tags?post=3370"}],"curies":[{"name":"wp","href":"https:\/\/api.w.org\/{rel}","templated":true}]}}